[{"@context":"https:\/\/schema.org\/","@type":"Article","@id":"https:\/\/www.kpks.cz\/hudba-a-rytmus-mohou-pomoci-detem-pri-uceni-gramatiky\/#Article","mainEntityOfPage":"https:\/\/www.kpks.cz\/hudba-a-rytmus-mohou-pomoci-detem-pri-uceni-gramatiky\/","headline":"Hudba a rytmus mohou pomoci d\u011btem p\u0159i u\u010den\u00ed gramatiky","name":"Hudba a rytmus mohou pomoci d\u011btem p\u0159i u\u010den\u00ed gramatiky","description":"Ot\u00e1zky na toto t\u00e9ma si prvn\u00ed za\u010dala kl\u00e1st Reyna Gordon, opern\u00ed p\u011bvkyn\u011b. Kr\u00e1tce po sv\u00fdch studi\u00edch se p\u0159est\u011bhovala do zahrani\u010d\u00ed, kde si musela naj\u00edt r\u016fzn\u00e9 jazykov\u00e9 kurzy. V t\u00e9to dob\u011b za\u010dala uva\u017eovat o tom, co se v na\u0161em mozku vlastn\u011b d\u011bje p\u0159i vn\u00edm\u00e1n\u00ed hudby a pokou\u0161ela se naj\u00edt spojitost s u\u010den\u00edm jazyk\u016f. \u00a0 D\u00edky t\u011bmto [&hellip;]","datePublished":"2023-05-25","dateModified":"2023-05-25","author":{"@type":"Person","@id":"https:\/\/www.kpks.cz\/author\/#Person","name":"","url":"https:\/\/www.kpks.cz\/author\/","identifier":1,"image":{"@type":"ImageObject","@id":"https:\/\/secure.gravatar.com\/avatar\/1fd5b20daa9a47a1102459a7c733d369075d8cc724ab489feb8ed72c657d346e?s=96&d=mm&r=g","url":"https:\/\/secure.gravatar.com\/avatar\/1fd5b20daa9a47a1102459a7c733d369075d8cc724ab489feb8ed72c657d346e?s=96&d=mm&r=g","height":96,"width":96}},"publisher":{"@type":"Organization","name":"kpks.cz","logo":{"@type":"ImageObject","@id":"\/logo.png","url":"\/logo.png","width":600,"height":60}},"image":{"@type":"ImageObject","@id":"https:\/\/www.kpks.cz\/wp-content\/uploads\/img_a289373_w1943_t1500841998.jpg","url":"https:\/\/www.kpks.cz\/wp-content\/uploads\/img_a289373_w1943_t1500841998.jpg","height":0,"width":0},"url":"https:\/\/www.kpks.cz\/hudba-a-rytmus-mohou-pomoci-detem-pri-uceni-gramatiky\/","wordCount":453,"articleBody":"Ot\u00e1zky na toto t\u00e9ma si prvn\u00ed za\u010dala kl\u00e1st Reyna Gordon, opern\u00ed p\u011bvkyn\u011b. Kr\u00e1tce po sv\u00fdch studi\u00edch se p\u0159est\u011bhovala do zahrani\u010d\u00ed, kde si musela naj\u00edt r\u016fzn\u00e9 jazykov\u00e9 kurzy. V t\u00e9to dob\u011b za\u010dala uva\u017eovat o tom, co se v na\u0161em mozku vlastn\u011b d\u011bje p\u0159i vn\u00edm\u00e1n\u00ed hudby a pokou\u0161ela se naj\u00edt spojitost s u\u010den\u00edm jazyk\u016f.\u00a0D\u00edky t\u011bmto ot\u00e1zk\u00e1m absolvovala neurologii v Marseille a dnes vede v\u00fdzkumnou laborato\u0159 na l\u00e9ka\u0159sk\u00e9 fakult\u011b spadaj\u00edc\u00ed pod Vanderbiltskou univerzitu. Za\u010dala se v\u011bnovat spojen\u00ed mezi rytmem a gramatikou, ovlivn\u011bn\u00ed a rozv\u00edjen\u00ed jazykov\u00fdch schopnost\u00ed ve spojen\u00ed s hudbou.\u00a0V\u00fdsledky jej\u00ed pr\u00e1ce jsou u\u017e zn\u00e1m\u00e9 \u2013 je prok\u00e1zan\u00e9, \u017ee d\u011bti, kter\u00e9 dok\u00e1\u017eou rozpoznat rytmy a jejich variace, zvl\u00e1dnou sn\u00e1z skl\u00e1dat dohromady v\u011btn\u00e9 celky.\u00a0Podle Reyny Gordon je to zp\u016fsobeno t\u00edm, \u017ee se oboj\u00ed dov\u00edd\u00e1me postupn\u011b. Na z\u00e1klad\u011b toho, co jsme vid\u011bli nebo sly\u0161eli, je n\u00e1\u0161 mozek schopn\u00fd tvo\u0159it o\u010dek\u00e1v\u00e1n\u00ed toho, co n\u00e1sleduje.\u00a0Lze si to snadno vyzkou\u0161et na p\u0159\u00edkladu: \u201eChlapec \u010detl knihu, kterou mu dala maminka.\u201c Pokud vezmeme samostatn\u011b spojen\u00ed \u201eChlapec \u010detl&#8230;\u201c o\u010dek\u00e1v\u00e1me dal\u0161\u00ed v\u011btn\u00fd \u010dlen, p\u0159edm\u011bt. Pot\u00e9, co jsme p\u0159e\u010detli \u201eChlapec \u010detl knihu, kterou&#8230;\u201c, jsme p\u0159edpokl\u00e1dali, \u017ee bude n\u00e1sledovat dodate\u010dn\u00e1 informace o knize.\u00a0R\u016fzn\u00e9 studie prok\u00e1zaly, \u017ee okolo 7% d\u011bt\u00ed ve v\u011bku p\u011bti let trp\u00ed specificky naru\u0161en\u00fdm v\u00fdvojem \u0159e\u010di nebo v\u00fdvojovou poruchou \u0159e\u010di, kter\u00e1 omezuje jejich jazykov\u00e9 schopnosti i navzdory tomu, \u017ee nemaj\u00ed \u017e\u00e1dn\u00e9 po\u0161kozen\u00ed sluchu \u010di autismus a jejich IQ se pohybuje v norm\u011b. U t\u011bchto probl\u00e9m\u016f \u010dasto nelze nal\u00e9zt p\u0159\u00ed\u010dinu.\u00a0Reyna Gordon tvrd\u00ed, \u017ee dok\u00e1\u017eou z\u00edskat alespo\u0148 n\u011bjak\u00e9 gramatick\u00e9 schopnosti, ale jin\u00fdmi zp\u016fsoby, ne\u017e jejich vrstevn\u00edci. Je pro n\u011b mnohem slo\u017eit\u011bj\u0161\u00ed vyjad\u0159ovat komplexn\u011bj\u0161\u00ed my\u0161lenky, zvl\u00e1\u0161\u0165, kdy\u017e za\u010dnou chodit do \u0161koly.\u00a0Ve sv\u00e9 laborato\u0159i pracuje s d\u011btmi jak bez jak\u00fdchkoliv probl\u00e9m\u016f, tak i s nimi, p\u0159i\u010dem\u017e n\u011bkter\u00e9 z nich pravideln\u011b nav\u0161t\u011bvuj\u00ed logopeda. Jej\u00edm c\u00edlem je naj\u00edt zp\u016fsob, jak by jim hudba pomoct. S n\u011bkter\u00fdmi u\u017e dosahuje v\u00fdsledk\u016f.\u00a0V\u00fdzkum je teprve na sv\u00e9m za\u010d\u00e1tku, jej\u00ed t\u00fdm v\u0161ak pl\u00e1nuje n\u011bkter\u00e9 z\u00e1v\u011bry p\u0159edstavit na konferenci o hudb\u011b, zvuku a zdrav\u00ed v Bostonu, kter\u00e1 se kon\u00e1 v l\u00e9t\u011b.                                                                                                                                                                                                                                                                                                                                                                                        4.2\/5 - (8 votes)        "},{"@context":"https:\/\/schema.org\/","@type":"BreadcrumbList","itemListElement":[{"@type":"ListItem","position":1,"name":"Hudba a rytmus mohou pomoci d\u011btem p\u0159i u\u010den\u00ed gramatiky","item":"https:\/\/www.kpks.cz\/hudba-a-rytmus-mohou-pomoci-detem-pri-uceni-gramatiky\/#breadcrumbitem"}]}]