[{"@context":"https:\/\/schema.org\/","@type":"Article","@id":"https:\/\/www.kpks.cz\/kosmetika-pro-miminko-co-ano-a-co-ne\/#Article","mainEntityOfPage":"https:\/\/www.kpks.cz\/kosmetika-pro-miminko-co-ano-a-co-ne\/","headline":"Kosmetika pro miminko \u2013 co ano a co ne?","name":"Kosmetika pro miminko \u2013 co ano a co ne?","description":"D\u011btsk\u00e1 poko\u017eka (obzvl\u00e1\u0161t\u011b u miminek) je mnohem n\u00e1chyln\u011bj\u0161\u00ed a jemn\u011bj\u0161\u00ed, ne\u017e poko\u017eka dosp\u00edvaj\u00edc\u00edho d\u00edt\u011bte nebo rodi\u010de. Proto by v\u00e1\u0161 v\u00fdb\u011br kosmetiky m\u011bl podl\u00e9hat v\u0161em norm\u00e1m a po\u017eadavk\u016fm, kter\u00e9 by ji m\u011bli nejen chr\u00e1nit, ale i postarat se o to, aby se zbyte\u010dn\u011b nezat\u00ed\u017eila. Va\u0161e miminko pot\u0159ebuje tu nejlep\u0161\u00ed p\u00e9\u010di a je na v\u00e1s, aby ji [&hellip;]","datePublished":"2018-01-08","dateModified":"2023-05-25","author":{"@type":"Person","@id":"https:\/\/www.kpks.cz\/author\/#Person","name":"","url":"https:\/\/www.kpks.cz\/author\/","identifier":1,"image":{"@type":"ImageObject","@id":"https:\/\/secure.gravatar.com\/avatar\/1fd5b20daa9a47a1102459a7c733d369075d8cc724ab489feb8ed72c657d346e?s=96&d=mm&r=g","url":"https:\/\/secure.gravatar.com\/avatar\/1fd5b20daa9a47a1102459a7c733d369075d8cc724ab489feb8ed72c657d346e?s=96&d=mm&r=g","height":96,"width":96}},"publisher":{"@type":"Organization","name":"kpks.cz","logo":{"@type":"ImageObject","@id":"\/logo.png","url":"\/logo.png","width":600,"height":60}},"image":{"@type":"ImageObject","@id":"https:\/\/www.kpks.cz\/wp-content\/uploads\/img_a309545_w1960_t1520495223.jpg","url":"https:\/\/www.kpks.cz\/wp-content\/uploads\/img_a309545_w1960_t1520495223.jpg","height":0,"width":0},"url":"https:\/\/www.kpks.cz\/kosmetika-pro-miminko-co-ano-a-co-ne\/","about":["\u017dena"],"wordCount":541,"articleBody":"\tD\u011btsk\u00e1 poko\u017eka (obzvl\u00e1\u0161t\u011b u miminek) je mnohem n\u00e1chyln\u011bj\u0161\u00ed a jemn\u011bj\u0161\u00ed, ne\u017e poko\u017eka dosp\u00edvaj\u00edc\u00edho d\u00edt\u011bte nebo rodi\u010de. Proto by v\u00e1\u0161 v\u00fdb\u011br kosmetiky m\u011bl podl\u00e9hat v\u0161em norm\u00e1m a po\u017eadavk\u016fm, kter\u00e9 by ji m\u011bli nejen chr\u00e1nit, ale i postarat se o to, aby se zbyte\u010dn\u011b nezat\u00ed\u017eila. Va\u0161e miminko pot\u0159ebuje tu nejlep\u0161\u00ed p\u00e9\u010di a je na v\u00e1s, aby ji i dostalo. Jak vybrat d\u011btskou kosmetiku a kolik je j\u00ed vlastn\u011b pot\u0159eba?\t\tZ\u00e1kladn\u00ed pravidlo &ndash; jedna zna\u010dka!P\u0159edt\u00edm, ne\u017e za\u010dnete va\u0161emu miminku kupovat v\u0161echno co jeho poko\u017eka pr\u00fd pot\u0159ebuje (proto\u017ee jste se to dozv\u011bd\u011bli na internetov\u00fdch str\u00e1nk\u00e1ch) mus\u00edte v\u011bd\u011bt, jak na dan\u00fd druh kosmetiky poko\u017eka va\u0161eho d\u011b\u0165\u00e1tka zareaguje.V\u011bt\u0161inou jsou v\u0161echny d\u011btsk\u00e9 p\u0159\u00edpravky p\u0159\u00edsn\u011b kontrolovan\u00e9 a nenajdete v nich \u017e\u00e1dn\u00e9 \u0161kodliv\u00e9 slo\u017eky, ov\u0161em m\u016f\u017ee se st\u00e1t, \u017ee i p\u0159es tuto skute\u010dnost va\u0161e miminko zareaguje na danou kosmetiku alergickou reakc\u00ed. Proto vyzkou\u0161ejte jeden druh a pokud ho p\u0159ijme dob\u0159e, po\u0159i\u010fte v\u0161e ostatn\u00ed jen z jedn\u00e9 zna\u010dky, kter\u00e1 va\u0161emu miminku vyhovuje. Nedoporu\u010duje se m\u00edchat v\u00edce zna\u010dek kosmetiky a to u\u017e z jak\u00e9hokoliv d\u016fvodu! Bu\u010fte v\u011brn\u00ed jedn\u00e9 zna\u010dce a nem\u011b\u0148te ji, alespo\u0148 pro prvn\u00ed rok \u017eivota va\u0161eho miminka.\tHYDRATACE NA PRVN\u00cdM M\u00cdST\u011aPoko\u017eka miminka je such\u00e1 a skl\u00e1d\u00e1 se z opravdu tenk\u00e9 vrstvy bun\u011bk a tk\u00e1n\u00ed. Proto je n\u00e1chyln\u011bj\u0161\u00ed ke styku s vodou a m\u00e1 tendenci se \u010dasto odlupovat a vytv\u00e1\u0159et \u0161upinky. Zamezit tomuto jevu m\u016f\u017eete zv\u00fd\u0161enou hydratac\u00ed a to nejen po koupeli va\u0161eho miminka, ale i v pr\u016fb\u011bhu dne. Obzvl\u00e1\u0161t\u011b velkou pozornost v\u011bnujte z\u00e1hyb\u016fm, okol\u00ed za u\u0161ima a v podpa\u017e\u00ed. Tyto m\u00edsta b\u00fdvaj\u00ed \u010dasto m\u00e1lo promaz\u00e1van\u00e9 a \u010dast\u00fdm t\u0159en\u00edm nejv\u00edce vysu\u0161ovan\u00e9.N\u011bkolik tip\u016f na d\u011btskou kosmetiku, kter\u00e1 je nejen ov\u011b\u0159en\u00e1, ale i vyhovuj\u00edc\u00ed:&#8211;&nbsp;&nbsp;&nbsp;&nbsp;&nbsp;&nbsp; z drogerie:&middot;&nbsp;&nbsp;&nbsp;&nbsp;&nbsp;&nbsp;&nbsp; NIVEA&middot;&nbsp;&nbsp;&nbsp;&nbsp;&nbsp;&nbsp;&nbsp; HIPP&middot;&nbsp;&nbsp;&nbsp;&nbsp;&nbsp;&nbsp;&nbsp; JOHNSONS BABY&#8211;&nbsp;&nbsp;&nbsp;&nbsp;&nbsp;&nbsp; z l\u00e9k\u00e1rny:&middot;&nbsp;&nbsp;&nbsp;&nbsp;&nbsp;&nbsp;&nbsp; WELEDA&middot;&nbsp;&nbsp;&nbsp;&nbsp;&nbsp;&nbsp;&nbsp; BIODERMA&#8211;&nbsp;&nbsp;&nbsp;&nbsp;&nbsp;&nbsp; zahrani\u010dn\u00ed:&middot;&nbsp;&nbsp;&nbsp;&nbsp;&nbsp;&nbsp;&nbsp; APHRODITE&middot;&nbsp;&nbsp;&nbsp;&nbsp;&nbsp;&nbsp;&nbsp; BABY ANTHLYLLIS&middot;&nbsp;&nbsp;&nbsp;&nbsp;&nbsp;&nbsp;&nbsp; BimBoBioD\u011btskou kosmetiku, byste m\u011bli probrat i s pediatrem va\u0161eho miminka, kter\u00fd m\u00e1 dlouholet\u00e9 zku\u0161enosti a je zp\u016fsobil\u00fd k tomu, doporu\u010dit v\u00e1m l\u00e9ty ov\u011b\u0159enou zna\u010dku. Samoz\u0159ejm\u011b je jen na v\u00e1s, kterou z nich si vyberete a kter\u00e1 bude p\u0159edev\u0161\u00edm vyhovovat va\u0161emu d\u011b\u0165\u00e1tku.                                                                                                                                                                                                                                                                                                                                                                                        4.7\/5 - (10 votes)        "},{"@context":"https:\/\/schema.org\/","@type":"BreadcrumbList","itemListElement":[{"@type":"ListItem","position":1,"name":"Kosmetika pro miminko \u2013 co ano a co ne?","item":"https:\/\/www.kpks.cz\/kosmetika-pro-miminko-co-ano-a-co-ne\/#breadcrumbitem"}]}]