[{"@context":"https:\/\/schema.org\/","@type":"Article","@id":"https:\/\/www.kpks.cz\/letni-prikryvka-vam-pomuze-spat\/#Article","mainEntityOfPage":"https:\/\/www.kpks.cz\/letni-prikryvka-vam-pomuze-spat\/","headline":"Letn\u00ed p\u0159ikr\u00fdvka v\u00e1m pom\u016f\u017ee sp\u00e1t","name":"Letn\u00ed p\u0159ikr\u00fdvka v\u00e1m pom\u016f\u017ee sp\u00e1t","description":"I v na\u0161em podneb\u00ed letn\u00ed no\u010dn\u00ed teploty stoupaj\u00ed ke 30 stup\u0148\u016fm, a n\u00e1m se tak \u0161patn\u011b sp\u00ed. V noci se pot\u00edme, bude se zpocen\u00ed, m\u00e1me \u017e\u00edze\u0148, nem\u016f\u017ee usnout. Zkr\u00e1tka a dob\u0159e ani v noci teploty p\u0159\u00edli\u0161 neklesaj\u00ed, a nen\u00ed ni\u010d\u00edm v\u00fdjime\u010dn\u00fdm, \u017ee teploty re\u00e1ln\u011b nejdou pod 30 stup\u0148\u016f, i kdy\u017e pocitov\u011b chladn\u011bji je. Abychom se [&hellip;]","datePublished":"2022-06-14","dateModified":"2023-05-25","author":{"@type":"Person","@id":"https:\/\/www.kpks.cz\/author\/#Person","name":"","url":"https:\/\/www.kpks.cz\/author\/","identifier":1,"image":{"@type":"ImageObject","@id":"https:\/\/secure.gravatar.com\/avatar\/1fd5b20daa9a47a1102459a7c733d369075d8cc724ab489feb8ed72c657d346e?s=96&d=mm&r=g","url":"https:\/\/secure.gravatar.com\/avatar\/1fd5b20daa9a47a1102459a7c733d369075d8cc724ab489feb8ed72c657d346e?s=96&d=mm&r=g","height":96,"width":96}},"publisher":{"@type":"Organization","name":"kpks.cz","logo":{"@type":"ImageObject","@id":"\/logo.png","url":"\/logo.png","width":600,"height":60}},"image":{"@type":"ImageObject","@id":"https:\/\/www.kpks.cz\/wp-content\/uploads\/hd-wallpaper-820149_640.jpg","url":"https:\/\/www.kpks.cz\/wp-content\/uploads\/hd-wallpaper-820149_640.jpg","height":0,"width":0},"url":"https:\/\/www.kpks.cz\/letni-prikryvka-vam-pomuze-spat\/","about":["Zbo\u017e\u00ed"],"wordCount":437,"articleBody":"    I v na\u0161em podneb\u00ed letn\u00ed no\u010dn\u00ed teploty stoupaj\u00ed ke 30 stup\u0148\u016fm, a n\u00e1m se tak \u0161patn\u011b sp\u00ed. V noci se pot\u00edme, bude se zpocen\u00ed, m\u00e1me \u017e\u00edze\u0148, nem\u016f\u017ee usnout. Zkr\u00e1tka a dob\u0159e ani v noci teploty p\u0159\u00edli\u0161 neklesaj\u00ed, a nen\u00ed ni\u010d\u00edm v\u00fdjime\u010dn\u00fdm, \u017ee teploty re\u00e1ln\u011b nejdou pod 30 stup\u0148\u016f, i kdy\u017e pocitov\u011b chladn\u011bji je. Abychom se aspo\u0148 tro\u0161ku vyspali, je dobr\u00e9 investovat do takov\u00e9ho lo\u017en\u00edho pr\u00e1dla, kter\u00e9 je ur\u010deno speci\u00e1ln\u011b pro sp\u00e1nek v letn\u00edch m\u011bs\u00edc\u00edch. Ide\u00e1ln\u00edm par\u0165\u00e1kem pro hork\u00e9 letn\u00ed noci je letn\u00ed p\u0159ikr\u00fdvka 140&#215;200.Bude se v\u00e1m l\u00e9pe sp\u00e1t Jste \u010dlov\u011bk, kter\u00fd v zim\u011b sp\u00ed pod po\u0159\u00e1dnou pe\u0159inou, proto\u017ee je mu prost\u011b po\u0159\u00e1d zima? Pravd\u011bpodobn\u011b i v\u00e1m bude v l\u00e9t\u011b vedro, ale pod pe\u0159inou se l\u00e9t\u011b v\u00e1\u017en\u011b sp\u00e1t ned\u00e1. V\u011bt\u0161ina lid\u00ed pot\u0159ebuje n\u011bjakou p\u0159ikr\u00fdvku i v l\u00e9t\u011b, a proto se hodn\u011b doporu\u010duje n\u011bjak\u00e1 letn\u00ed. Ta na\u0161e je vyrobena z dut\u00e9ho vl\u00e1kna.Jak funguje? Dut\u00e1 vl\u00e1kna pou\u017eit\u00e1 v t\u00e9to p\u0159ikr\u00fdvce zvy\u0161uj\u00ed objem p\u0159ikr\u00fdvky, ale z\u00e1rove\u0148 jsou vzdu\u0161n\u00e1, a proto v n\u00ed l\u00e9pe proud\u00ed vzduch. Jak ji jednou vyzkou\u0161\u00edte, u\u017e v l\u00e9t\u011b nebudete cht\u00edt sp\u00e1t pod \u017e\u00e1dnou jinou p\u0159ikr\u00fdvkou \u010di dokonce pe\u0159inou. A to mo\u017en\u00e1 ani v zim\u011b. Na dut\u00e9 vl\u00e1kno se velmi rychle zvyk\u00e1, proto\u017ee t\u011blo d\u00edky tomu dok\u00e1\u017ee snadn\u011bji regulovat horko, a tak se vysp\u00edte i v tropick\u00fdch noc\u00edch.Je vhodn\u00e1 pro v\u0161echny Horkem trp\u00ed hlavn\u011b mal\u00e9 d\u011bti, kter\u00e9 nemaj\u00ed termoregulaci na tak vysok\u00e9 \u00farovni jako jejich rodi\u010de. Existuj\u00ed i d\u011btsk\u00e9 p\u0159ikr\u00fdvky z dut\u00e9ho vl\u00e1kna, d\u00edky kter\u00fdm va\u0161e d\u011bti za\u017eij\u00ed p\u0159\u00edjemn\u00e9 noci v l\u00e9t\u011b. Netrapte sebe ani svou rodinu horkem b\u011bhem sp\u00e1nku, a dop\u0159ejte si klidn\u00fd no\u010dn\u00ed odpo\u010dinek pod p\u0159ikr\u00fdvkou, kter\u00e1 v\u00e1m pom\u016f\u017ee usnout, ani\u017e byste us\u00ednali propocen\u00ed. Vyzkou\u0161ejte snadn\u00fd sp\u00e1nek b\u011bhem letn\u00edch m\u011bs\u00edc\u016f, a dop\u0159ejte si klidn\u00fd a neru\u0161en\u00fd sp\u00e1nek. Sh\u00e1n\u00edte i dal\u0161\u00ed lo\u017en\u00ed pr\u00e1dlo? U n\u00e1s se\u017eenete i pol\u0161t\u00e1\u0159e, povlaky a bytov\u00fd textil. M\u00e1me skladem tis\u00edce produkt\u016f pro v\u00e1\u0161 stylov\u00fd a zdrav\u00fd sp\u00e1nek.                                                                                                                                                                                                                                                                                                                                                                                         4.5\/5 - (6 votes)        "},{"@context":"https:\/\/schema.org\/","@type":"BreadcrumbList","itemListElement":[{"@type":"ListItem","position":1,"name":"Letn\u00ed p\u0159ikr\u00fdvka v\u00e1m pom\u016f\u017ee sp\u00e1t","item":"https:\/\/www.kpks.cz\/letni-prikryvka-vam-pomuze-spat\/#breadcrumbitem"}]}]