[{"@context":"https:\/\/schema.org\/","@type":"Article","@id":"https:\/\/www.kpks.cz\/mobil-na-skole\/#Article","mainEntityOfPage":"https:\/\/www.kpks.cz\/mobil-na-skole\/","headline":"Mobil na \u0161kole","name":"Mobil na \u0161kole","description":"Je opravdu mnoho typ\u016f mobiln\u00edch telefon\u016f, kter\u00e9 \u010dlov\u011bk m\u016f\u017ee vlastnit. Jejich opravdu hodn\u011b. A taky si ale vzpom\u00edn\u00e1m na ty doby, kdy mobiln\u00ed telefon byl docela takov\u00fd vz\u00e1cn\u00fd a opravdu ho nem\u011bl kde kdo. J\u00e1 sama jsem si taky \u0159\u00edkala, \u017ee bych si p\u0159\u00e1la n\u011bjak\u00fd kvalitn\u00ed mobiln\u00ed telefon, aby se mi p\u0159\u00e1tel\u00e9 nesm\u00e1li. Sice u\u017e [&hellip;]","datePublished":"2022-06-30","dateModified":"2023-05-25","author":{"@type":"Person","@id":"https:\/\/www.kpks.cz\/author\/#Person","name":"","url":"https:\/\/www.kpks.cz\/author\/","identifier":1,"image":{"@type":"ImageObject","@id":"https:\/\/secure.gravatar.com\/avatar\/1fd5b20daa9a47a1102459a7c733d369075d8cc724ab489feb8ed72c657d346e?s=96&d=mm&r=g","url":"https:\/\/secure.gravatar.com\/avatar\/1fd5b20daa9a47a1102459a7c733d369075d8cc724ab489feb8ed72c657d346e?s=96&d=mm&r=g","height":96,"width":96}},"publisher":{"@type":"Organization","name":"kpks.cz","logo":{"@type":"ImageObject","@id":"\/logo.png","url":"\/logo.png","width":600,"height":60}},"image":{"@type":"ImageObject","@id":"https:\/\/www.kpks.cz\/wp-content\/uploads\/mobile-1726138_960_720_1.jpg","url":"https:\/\/www.kpks.cz\/wp-content\/uploads\/mobile-1726138_960_720_1.jpg","height":0,"width":0},"url":"https:\/\/www.kpks.cz\/mobil-na-skole\/","about":["Mobil"],"wordCount":439,"articleBody":"Je opravdu mnoho typ\u016f mobiln\u00edch telefon\u016f, kter\u00e9 \u010dlov\u011bk m\u016f\u017ee vlastnit. Jejich opravdu hodn\u011b. A taky si ale vzpom\u00edn\u00e1m na ty doby, kdy mobiln\u00ed telefon byl docela takov\u00fd vz\u00e1cn\u00fd a opravdu ho nem\u011bl kde kdo. J\u00e1 sama jsem si taky \u0159\u00edkala, \u017ee bych si p\u0159\u00e1la n\u011bjak\u00fd kvalitn\u00ed mobiln\u00ed telefon, aby se mi p\u0159\u00e1tel\u00e9 nesm\u00e1li. Sice u\u017e n\u011bkdo m\u011bl taky mobiln\u00ed telefon s fo\u0165\u00e1kem, jenom\u017ee j\u00e1 jsem nem\u011bla v\u016fbec \u017e\u00e1dn\u00fd. Nem\u011bla jsem ani ten nejv\u011bt\u0161\u00ed k\u0159\u00e1p, co byl, tak\u017ee jsem mamce \u0159ekla, \u017ee bych si k narozenin\u00e1m a z\u00e1rove\u0148 i na V\u00e1noce p\u0159\u00e1la n\u011bjak\u00e9 mobiln\u00ed telefon. Jenom\u017ee asi u\u017e v\u0161ichni v\u00edme, jak to dopad\u00e1, kdy\u017e si d\u00edt\u011b n\u011bco p\u0159eje.Sice jsem nebyla \u00fapln\u011b d\u00edt\u011b, bylo mi patn\u00e1ct let, ale to u\u017e tou\u017eila po mobiln\u00edm telefonu. Sice ani z cel\u00e9 party nebyl nikdo takov\u00fd, \u017ee by m\u011bli v\u0161ichni mobiln\u00ed telefon. Tohle tedy v\u016fbec ne. Jenom\u017ee j\u00e1 jsem necht\u011bla pat\u0159it k t\u00e9 men\u0161in\u011b, kdo nem\u00e1 v\u016fbec mobiln\u00ed telefon, tak\u017ee jsem prosila rodi\u010de, a\u0165 mi mobiln\u00ed telefon po\u0159\u00edd\u00ed. Bohu\u017eel jsem se ho nedo\u010dkala ani na narozeniny a ani na V\u00e1noce. Mobiln\u00edho telefonu jsem se do\u010dkala, a\u017e v \u0161estn\u00e1cti letech, kdy jsem nastoupila do prvn\u00edho ro\u010dn\u00edku st\u0159edn\u00ed \u0161koly. A to pr\u00fd kv\u016fli tomu, \u017ee a\u017e budu na\u00a0intru, tak abych si mohla s rodi\u010di \u010dasto volat. To je to p\u011bkn\u00e9, \u017ee na m\u011b rodi\u010de takto mysl\u00ed, ale byla jsem opravdu zklaman\u00e1 z toho, \u017ee jsem nemohla m\u00edt mobiln\u00ed telefon d\u0159\u00edve, abych si mohla taky na z\u00e1kladn\u00ed \u0161kole pos\u00edlat SMS zpr\u00e1vy s p\u0159\u00e1teli.Mrzelo m\u011b to. Jenom\u017ee co nad\u011bl\u00e1m. Kdy\u017e prost\u011b jednodu\u0161e nejsou pen\u00edze, tak si taky nem\u016f\u017ee koupit opravdu drah\u00fd mobiln\u00ed telefon. A i na st\u0159edn\u00ed \u0161kole jsem m\u011bla takov\u00fd oby\u010dejn\u00fd mobiln\u00ed telefon, kter\u00fd sice m\u011bl fotoapar\u00e1t, jak jsem si p\u0159\u00e1la, ale to bylo tak v\u0161echno. Stejn\u011b vzhledov\u011b byl \u0161kared\u00fd a m\u011b kolikr\u00e1t p\u0159i\u0161lo, \u017ee je ten mobiln\u00ed telefon byl taky z bazaru. A to ale u\u017e nic nem\u011bn\u00ed na tom, \u017ee rodi\u010de se obhajovali, \u017ee mobiln\u00ed telefon mi koupili. To ch\u00e1pu, ale mysl\u00edm si, \u017ee p\u0159eci ka\u017ed\u00fd ch\u00e1pe, \u017ee ka\u017ed\u00e9 d\u00edt\u011b chce pat\u0159it do n\u011bjak\u00e9 party p\u0159\u00e1tel.\u00a0                                                                                                                                                                                                                                                                                                                                                                                        3.7\/5 - (6 votes)        "},{"@context":"https:\/\/schema.org\/","@type":"BreadcrumbList","itemListElement":[{"@type":"ListItem","position":1,"name":"Mobil na \u0161kole","item":"https:\/\/www.kpks.cz\/mobil-na-skole\/#breadcrumbitem"}]}]