[{"@context":"https:\/\/schema.org\/","@type":"Article","@id":"https:\/\/www.kpks.cz\/skvely-mobil\/#Article","mainEntityOfPage":"https:\/\/www.kpks.cz\/skvely-mobil\/","headline":"Skv\u011bl\u00fd mobil","name":"Skv\u011bl\u00fd mobil","description":"Mobiln\u00ed telefony jsou v posledn\u00ed dob\u011b velice roz\u0161\u00ed\u0159en\u00e9 a hlavn\u011b obl\u00edben\u00e9. Opravdu v dne\u0161n\u00ed dob\u011b nezn\u00e1m \u017e\u00e1dn\u00e9ho mlad\u00e9ho \u010dlov\u011bka, kter\u00fd by nem\u011bl mobiln\u00ed telefon. Proto\u017ee podle m\u00e9ho n\u00e1zoru je mobiln\u00ed telefon v dne\u0161n\u00ed dob\u011b u\u017e tak d\u016fle\u017eit\u00fd a taky popul\u00e1rn\u00ed, \u017ee by se asi dne\u0161n\u00ed generace bez mobiln\u00edho telefonu v\u016fbec neobe\u0161la. V\u017edy\u0165 si\u00a0vemte\u00a0r\u016fzn\u00e9 p\u0159\u00edklady, tak [&hellip;]","datePublished":"2022-08-28","dateModified":"2023-05-25","author":{"@type":"Person","@id":"https:\/\/www.kpks.cz\/author\/#Person","name":"","url":"https:\/\/www.kpks.cz\/author\/","identifier":1,"image":{"@type":"ImageObject","@id":"https:\/\/secure.gravatar.com\/avatar\/1fd5b20daa9a47a1102459a7c733d369075d8cc724ab489feb8ed72c657d346e?s=96&d=mm&r=g","url":"https:\/\/secure.gravatar.com\/avatar\/1fd5b20daa9a47a1102459a7c733d369075d8cc724ab489feb8ed72c657d346e?s=96&d=mm&r=g","height":96,"width":96}},"publisher":{"@type":"Organization","name":"kpks.cz","logo":{"@type":"ImageObject","@id":"\/logo.png","url":"\/logo.png","width":600,"height":60}},"image":{"@type":"ImageObject","@id":"https:\/\/www.kpks.cz\/wp-content\/uploads\/man-1868730_960_720_1.jpg","url":"https:\/\/www.kpks.cz\/wp-content\/uploads\/man-1868730_960_720_1.jpg","height":0,"width":0},"url":"https:\/\/www.kpks.cz\/skvely-mobil\/","about":["Mobil"],"wordCount":419,"articleBody":"Mobiln\u00ed telefony jsou v posledn\u00ed dob\u011b velice roz\u0161\u00ed\u0159en\u00e9 a hlavn\u011b obl\u00edben\u00e9. Opravdu v dne\u0161n\u00ed dob\u011b nezn\u00e1m \u017e\u00e1dn\u00e9ho mlad\u00e9ho \u010dlov\u011bka, kter\u00fd by nem\u011bl mobiln\u00ed telefon. Proto\u017ee podle m\u00e9ho n\u00e1zoru je mobiln\u00ed telefon v dne\u0161n\u00ed dob\u011b u\u017e tak d\u016fle\u017eit\u00fd a taky popul\u00e1rn\u00ed, \u017ee by se asi dne\u0161n\u00ed generace bez mobiln\u00edho telefonu v\u016fbec neobe\u0161la. V\u017edy\u0165 si\u00a0vemte\u00a0r\u016fzn\u00e9 p\u0159\u00edklady, tak si t\u0159eba lid\u00e9 volaj\u00ed kv\u016fli tomu, a aby si pop\u0159\u00e1li t\u0159eba hodn\u011b zdrav\u00ed nebo \u0161t\u011bst\u00ed a nebo si domluvili n\u011bjakou d\u016fle\u017eitou sch\u016fzku.J\u00e1 sama jsem v\u017edycky byla pro, aby taky mal\u00e9 d\u011bti m\u011bly u sebe mobiln\u00ed telefon. J\u00e1 jsem toti\u017e velice starostliv\u00e1 m\u00e1ma a \u017eena, tak\u017ee bych cht\u011bla v\u011bd\u011bt, kde se nejv\u00edce moje d\u00edt\u011b nach\u00e1z\u00ed. Samoz\u0159ejm\u011b, ale je zase nejsem \u017e\u00e1dn\u00fd sl\u00eddil pavouk. M\u00e9mu d\u00edt\u011bti je sedm let a taky je logick\u00e9, \u017ee mu taky budu \u010dast\u011bji volat. T\u0159eba kdy\u017e o sv\u00e9ho otce doma, tak mu zavol\u00e1m jednou za den, ale kdy\u017e je d\u00edt\u011b t\u0159eba n\u011bkde venku, tak mu vol\u00e1m i t\u0159ikr\u00e1t denn\u011b, proto\u017ee chci, aby moje d\u00edt\u011b taky bylo samostatn\u00e9, tak ho taky st\u00e1le neobt\u011b\u017euj\u00ed. Proto podle m\u00e9ho n\u00e1zoru je opravdu v\u00fdhodn\u00e9 a taky vhodn\u00e9, aby i mal\u00e9 d\u00edt\u011b m\u011blo mobiln\u00ed telefon.V\u017edy\u0165 je to modern\u00ed doba, tak pro\u010d by d\u00edt\u011b nemohl m\u00edt mobil? Podle m\u00e9ho n\u00e1zoru se tak d\u011bti alespo\u0148 nau\u010d\u00ed taky samostatnosti a taky tomu, \u017ee bude odpov\u00eddat nejenom za sebe ale taky tam mobiln\u00ed telefon. Tak\u017ee si mysl\u00edm, \u017ee i mal\u00e9 d\u00edt\u011b by si zaslou\u017eilo m\u00edt mobiln\u00ed telefon. A\u00a0tedy\u00a0ne n\u011bjak\u00fd dokonal\u00fd anebo precizn\u00ed, ale sta\u010d\u00ed oby\u010dejn\u00fd mobiln\u00ed telefon. Kde na mobilu si ud\u011bl\u00e1 p\u00e1r fotek nebo aby si taky zahr\u00e1lo n\u011bjakou hru. A co vy a mobil? Kdy jste m\u011bli v\u00e1\u0161 prvn\u00ed mobiln\u00ed telefon? A co si mysl\u00edte o tom, \u017ee i mal\u00e9 d\u011bti by m\u011bli m\u00edt mobiln\u00ed telefon? J\u00e1 jsem takov\u00e1, \u017ee jdu s dobou moc\u00a0r\u00e1da, tak\u017ee si jist\u011b dok\u00e1\u017eete\u00a0p\u0159edstavit, \u017ee jsme r\u00e1da, kdy\u017e si mohu\u00a0dop\u0159\u00e1t\u00a0n\u011bjakou\u00a0novinku, kter\u00e1\u00a0zrovna\u00a0fr\u010d\u00ed a je in.                                                                                                                                                                                                                                                                                                                                                                                        3.8\/5 - (11 votes)        "},{"@context":"https:\/\/schema.org\/","@type":"BreadcrumbList","itemListElement":[{"@type":"ListItem","position":1,"name":"Skv\u011bl\u00fd mobil","item":"https:\/\/www.kpks.cz\/skvely-mobil\/#breadcrumbitem"}]}]