[{"@context":"https:\/\/schema.org\/","@type":"Article","@id":"https:\/\/www.kpks.cz\/zaridte-si-nadherne-kancelar\/#Article","mainEntityOfPage":"https:\/\/www.kpks.cz\/zaridte-si-nadherne-kancelar\/","headline":"Za\u0159i\u010fte si n\u00e1dhern\u011b kancel\u00e1\u0159","name":"Za\u0159i\u010fte si n\u00e1dhern\u011b kancel\u00e1\u0159","description":"Kancel\u00e1\u0159sk\u00fd n\u00e1bytek na m\u00edru Bab\u00ed l\u00e9to n\u00e1m pomalu kon\u010d\u00ed a m\u016f\u017eeme o\u010dek\u00e1vat nep\u0159\u00edjemn\u00e9 po\u010das\u00ed, odch\u00e1zen\u00ed do pr\u00e1ce za tmy a stejn\u00fd p\u0159\u00edchod dom\u016f. Pr\u00e1v\u011b proto, aby na \u010dlov\u011bka neza\u00fato\u010dila deprese a nejr\u016fzn\u011bj\u0161\u00ed spl\u00edny, je d\u016fle\u017eit\u00e9 m\u00edt pracovn\u00ed prost\u0159ed\u00ed za\u0159\u00edzeno tak, aby na n\u00e1s d\u00fdchalo p\u0159\u00edjemno, a v pr\u00e1ci jsme pob\u00fdvali r\u00e1di. A\u010d se to m\u016f\u017ee [&hellip;]","datePublished":"2025-05-01","dateModified":"2025-05-01","author":{"@type":"Person","@id":"https:\/\/www.kpks.cz\/author\/#Person","name":"","url":"https:\/\/www.kpks.cz\/author\/","identifier":1,"image":{"@type":"ImageObject","@id":"https:\/\/secure.gravatar.com\/avatar\/1fd5b20daa9a47a1102459a7c733d369075d8cc724ab489feb8ed72c657d346e?s=96&d=mm&r=g","url":"https:\/\/secure.gravatar.com\/avatar\/1fd5b20daa9a47a1102459a7c733d369075d8cc724ab489feb8ed72c657d346e?s=96&d=mm&r=g","height":96,"width":96}},"publisher":{"@type":"Organization","name":"kpks.cz","logo":{"@type":"ImageObject","@id":"\/logo.png","url":"\/logo.png","width":600,"height":60}},"url":"https:\/\/www.kpks.cz\/zaridte-si-nadherne-kancelar\/","wordCount":222,"articleBody":" Kancel\u00e1\u0159sk\u00fd n\u00e1bytek na m\u00edru Bab\u00ed l\u00e9to n\u00e1m pomalu kon\u010d\u00ed a m\u016f\u017eeme o\u010dek\u00e1vat nep\u0159\u00edjemn\u00e9 po\u010das\u00ed, odch\u00e1zen\u00ed do pr\u00e1ce za tmy a stejn\u00fd p\u0159\u00edchod dom\u016f. Pr\u00e1v\u011b proto, aby na \u010dlov\u011bka neza\u00fato\u010dila deprese a nejr\u016fzn\u011bj\u0161\u00ed spl\u00edny, je d\u016fle\u017eit\u00e9 m\u00edt pracovn\u00ed prost\u0159ed\u00ed za\u0159\u00edzeno tak, aby na n\u00e1s d\u00fdchalo p\u0159\u00edjemno, a v pr\u00e1ci jsme pob\u00fdvali r\u00e1di. A\u010d se to m\u016f\u017ee zd\u00e1t absurdn\u00ed, d\u016fle\u017eitou roli v t\u00e9to z\u00e1le\u017eitosti m\u016f\u017eete sehr\u00e1t i kancel\u00e1\u0159sk\u00fd n\u00e1bytek  Modern\u00ed kancel\u00e1\u0159sk\u00fd n\u00e1bytek Ka\u017ed\u00e9ho \u010dlov\u011bka dok\u00e1\u017ee pracovn\u00ed prost\u0159ed\u00ed naladit bu\u010f pozitivn\u011b, nebo m\u016f\u017ee zp\u016fsobit, \u017ee psychika, a t\u00edm p\u00e1dem i v\u00fdkonnost, p\u016fjdou nezadr\u017eiteln\u011b dol\u016f. Jen si vzpome\u0148te na n\u00e1vrat ze zam\u011bstn\u00e1n\u00ed do neuklizen\u00e9 ho bytu! M\u00edt nevl\u00eddnou kancel\u00e1\u0159 k dispozici v n\u00e1s m\u016f\u017ee evokovat podobn\u00e9 pocity. Pracovn\u00ed prost\u0159ed\u00ed v\u017edy ovlivn\u00edkancel\u00e1\u0159sk\u00fd n\u00e1bytek. V\u00edce na na\u0161ich webov\u00fdch str\u00e1nk\u00e1ch Dbejte na to, aby kancel\u00e1\u0159sk\u00fd n\u00e1bytek ve va\u0161\u00ed kancel\u00e1\u0159i byl pro va\u0161e pracovn\u00edky pouze p\u0159\u00ednosn\u00fdm prost\u0159ed\u00edm.                                                                                                                                                                                                                                                                                                                                                                                                "},{"@context":"https:\/\/schema.org\/","@type":"BreadcrumbList","itemListElement":[{"@type":"ListItem","position":1,"name":"Za\u0159i\u010fte si n\u00e1dhern\u011b kancel\u00e1\u0159","item":"https:\/\/www.kpks.cz\/zaridte-si-nadherne-kancelar\/#breadcrumbitem"}]}]